{"id":1585,"date":"2026-08-10T10:52:19","date_gmt":"2026-08-10T08:52:19","guid":{"rendered":"https:\/\/naturalkube.com\/a-coruna-estrena-red-de-puntos-limpios-de-proximidad-en-los-barrios\/"},"modified":"2026-08-14T11:32:24","modified_gmt":"2026-08-14T09:32:24","slug":"a-coruna-estrena-red-de-puntos-limpios-de-proximidad-en-los-barrios","status":"publish","type":"post","link":"https:\/\/naturalkube.com\/gl\/a-coruna-estrena-red-de-puntos-limpios-de-proximidad-en-los-barrios\/","title":{"rendered":"A Coru\u00f1a estrena red de puntos limpios de proximidad en los barrios"},"content":{"rendered":"[vc_row type=&#8221;in_container&#8221; full_screen_row_position=&#8221;middle&#8221; column_margin=&#8221;default&#8221; column_direction=&#8221;default&#8221; column_direction_tablet=&#8221;default&#8221; column_direction_phone=&#8221;default&#8221; scene_position=&#8221;center&#8221; text_color=&#8221;dark&#8221; text_align=&#8221;left&#8221; row_border_radius=&#8221;none&#8221; row_border_radius_applies=&#8221;bg&#8221; overflow=&#8221;visible&#8221; overlay_strength=&#8221;0.3&#8243; gradient_direction=&#8221;left_to_right&#8221; shape_divider_position=&#8221;bottom&#8221; bg_image_animation=&#8221;none&#8221;][vc_column column_padding=&#8221;no-extra-padding&#8221; column_padding_tablet=&#8221;inherit&#8221; column_padding_phone=&#8221;inherit&#8221; column_padding_position=&#8221;all&#8221; column_element_direction_desktop=&#8221;default&#8221; column_element_spacing=&#8221;default&#8221; desktop_text_alignment=&#8221;default&#8221; tablet_text_alignment=&#8221;default&#8221; phone_text_alignment=&#8221;default&#8221; background_color_opacity=&#8221;1&#8243; background_hover_color_opacity=&#8221;1&#8243; column_backdrop_filter=&#8221;none&#8221; column_shadow=&#8221;none&#8221; column_border_radius=&#8221;none&#8221; column_link_target=&#8221;_self&#8221; column_position=&#8221;default&#8221; gradient_direction=&#8221;left_to_right&#8221; overlay_strength=&#8221;0.3&#8243; width=&#8221;1\/1&#8243; tablet_width_inherit=&#8221;default&#8221; animation_type=&#8221;default&#8221; bg_image_animation=&#8221;none&#8221; border_type=&#8221;simple&#8221; column_border_width=&#8221;none&#8221; column_border_style=&#8221;solid&#8221;][vc_column_text css=&#8221;&#8221; text_direction=&#8221;default&#8221;]En A Coru\u00f1a se acaba de poner en marcha una nueva red de puntos limpios de proximidad que integra soluciones avanzadas de dise\u00f1o y gesti\u00f3n de residuos urbanos, en cuya fabricaci\u00f3n y desarrollo ha participado NATURAL KUBE. Una propuesta pensada para mejorar la recogida separada de residuos dom\u00e9sticos especiales y avanzar hacia un modelo de ciudad m\u00e1s eficiente y sostenible.<\/p>\n<p>Estos puntos limpios incorporan sistemas de apertura mediante tarjeta, compartimentos modulables en funci\u00f3n de los flujos de residuos y estructuras con dise\u00f1o antivand\u00e1lico, pintura antigrafiti y se\u00f1alizaci\u00f3n en braille, mejorando la accesibilidad, la seguridad y la vida \u00fatil del equipamiento.<\/p>\n<p>Est\u00e1n preparados para la recogida diferenciada de hasta ocho tipos de residuos dom\u00e9sticos especiales (t\u00f3ner, aerosoles, pilas y bater\u00edas, l\u00e1mparas LED, envases peligrosos, peque\u00f1os aparatos el\u00e9ctricos, c\u00e1psulas de caf\u00e9, cuberter\u00eda, etc.), lo que contribuye a reducir su presencia en la fracci\u00f3n resto y a optimizar la separaci\u00f3n en origen.<\/p>\n<p>El proyecto, financiado con fondos europeos Next Generation, muestra c\u00f3mo la colaboraci\u00f3n entre administraciones p\u00fablicas y empresas especializadas en soluciones para la gesti\u00f3n de residuos permite desplegar infraestructuras urbanas alineadas con la econom\u00eda circular y las exigencias de la normativa ambiental.[\/vc_column_text][\/vc_column][\/vc_row][vc_row type=&#8221;in_container&#8221; full_screen_row_position=&#8221;middle&#8221; column_margin=&#8221;default&#8221; column_direction=&#8221;default&#8221; column_direction_tablet=&#8221;default&#8221; column_direction_phone=&#8221;default&#8221; scene_position=&#8221;center&#8221; text_color=&#8221;dark&#8221; text_align=&#8221;left&#8221; row_border_radius=&#8221;none&#8221; row_border_radius_applies=&#8221;bg&#8221; overflow=&#8221;visible&#8221; overlay_strength=&#8221;0.3&#8243; gradient_direction=&#8221;left_to_right&#8221; shape_divider_position=&#8221;bottom&#8221; bg_image_animation=&#8221;none&#8221;][vc_column column_padding=&#8221;no-extra-padding&#8221; column_padding_tablet=&#8221;inherit&#8221; column_padding_phone=&#8221;inherit&#8221; column_padding_position=&#8221;all&#8221; column_element_direction_desktop=&#8221;default&#8221; column_element_spacing=&#8221;default&#8221; desktop_text_alignment=&#8221;default&#8221; tablet_text_alignment=&#8221;default&#8221; phone_text_alignment=&#8221;default&#8221; background_color_opacity=&#8221;1&#8243; background_hover_color_opacity=&#8221;1&#8243; column_backdrop_filter=&#8221;none&#8221; column_shadow=&#8221;none&#8221; column_border_radius=&#8221;none&#8221; column_link_target=&#8221;_self&#8221; column_position=&#8221;default&#8221; gradient_direction=&#8221;left_to_right&#8221; overlay_strength=&#8221;0.3&#8243; width=&#8221;1\/1&#8243; tablet_width_inherit=&#8221;default&#8221; animation_type=&#8221;default&#8221; bg_image_animation=&#8221;none&#8221; border_type=&#8221;simple&#8221; column_border_width=&#8221;none&#8221; column_border_style=&#8221;solid&#8221;][vc_gallery css=&#8221;&#8221; type=&#8221;flickity_static_height_style&#8221; images=&#8221;1578,1570,1566&#8243; flickity_spacing=&#8221;5px&#8221; flickity_controls=&#8221;pagination&#8221; flickity_overflow=&#8221;hidden&#8221; flickity_wrap_around=&#8221;no-wrap&#8221; flickity_box_shadow=&#8221;none&#8221; image_loading=&#8221;default&#8221; onclick=&#8221;link_image&#8221; flickity_img_height=&#8221;200&#8243;][\/vc_column][\/vc_row][vc_row type=&#8221;in_container&#8221; full_screen_row_position=&#8221;middle&#8221; column_margin=&#8221;default&#8221; column_direction=&#8221;default&#8221; column_direction_tablet=&#8221;default&#8221; column_direction_phone=&#8221;default&#8221; scene_position=&#8221;center&#8221; text_color=&#8221;dark&#8221; text_align=&#8221;left&#8221; row_border_radius=&#8221;none&#8221; row_border_radius_applies=&#8221;bg&#8221; overflow=&#8221;visible&#8221; overlay_strength=&#8221;0.3&#8243; gradient_direction=&#8221;left_to_right&#8221; shape_divider_position=&#8221;bottom&#8221; bg_image_animation=&#8221;none&#8221;][vc_column column_padding=&#8221;no-extra-padding&#8221; column_padding_tablet=&#8221;inherit&#8221; column_padding_phone=&#8221;inherit&#8221; column_padding_position=&#8221;all&#8221; column_element_direction_desktop=&#8221;default&#8221; column_element_spacing=&#8221;default&#8221; desktop_text_alignment=&#8221;default&#8221; tablet_text_alignment=&#8221;default&#8221; phone_text_alignment=&#8221;default&#8221; background_color_opacity=&#8221;1&#8243; background_hover_color_opacity=&#8221;1&#8243; column_backdrop_filter=&#8221;none&#8221; column_shadow=&#8221;none&#8221; column_border_radius=&#8221;none&#8221; column_link_target=&#8221;_self&#8221; column_position=&#8221;default&#8221; gradient_direction=&#8221;left_to_right&#8221; overlay_strength=&#8221;0.3&#8243; width=&#8221;1\/1&#8243; tablet_width_inherit=&#8221;default&#8221; animation_type=&#8221;default&#8221; bg_image_animation=&#8221;none&#8221; border_type=&#8221;simple&#8221; column_border_width=&#8221;none&#8221; column_border_style=&#8221;solid&#8221;][vc_column_text css=&#8221;&#8221; text_direction=&#8221;default&#8221;]Fuente: <a href=\"https:\/\/www.elidealgallego.com\/a-coruna\/2026-08-07\/el-sistema-de-tarjeta-para-contenedores-de-basura-comenzara-a-usarse-en-a-courna-en-diciembre-872409.html\" target=\"_blank\" rel=\"noopener\"><strong>El Ideal Gallego<\/strong><\/a><\/p>\n<h4><strong>Otras apariciones:\u00a0<\/strong><\/h4>\n<p><a href=\"https:\/\/www.linkedin.com\/posts\/o-concello-inaugura-os-primeiros-14-puntos-ugcPost-7491539910672199680-xofO\/?utm_medium=ios_app&amp;rcm=ACoAABDn-sEBeNEBUnvQSZZzaj8E53qgTcROEB0&amp;utm_source=social_share_send&amp;utm_campaign=whatsapp\" target=\"_blank\" rel=\"noopener\">LinkedIn Concello da Coru\u00f1a<\/a><\/p>\n<p><a href=\"https:\/\/www.instagram.com\/reel\/Dbu8BYzMWS4\/?igsh=NmhsZHMydHpuMmN5\" target=\"_blank\" rel=\"noopener\">Instagram vocescoruna<\/a><\/p>\n<p><a href=\"https:\/\/www.elespanol.com\/quincemil\/a-coruna\/20260807\/coruna-estrena-red-puntos-limpios-proximidad-barrios\/1003744347021_0.html\" target=\"_blank\" rel=\"noopener\">El Espa\u00f1ol<\/a><\/p>\n<p><a href=\"https:\/\/www.diariodesantiago.es\/galicia\/a-coruna-inaugura-los-primeros-14-puntos-limpios-de-proximidad-de-su-nueva-red-de-reciclaje\/\" target=\"_blank\" rel=\"noopener\">Diario de Santiago<\/a><\/p>\n<p><a href=\"https:\/\/cadenaser.com\/galicia\/2026\/08\/07\/a-coruna-estrena-sus-primeros-puntos-limpios-de-proximidad-habra-70-repartidos-por-toda-la-ciudad-radio-coruna\/\" target=\"_blank\" rel=\"noopener\">Cadena Ser<\/a><\/p>\n[\/vc_column_text][\/vc_column][\/vc_row]\n","protected":false},"excerpt":{"rendered":"<p>[vc_row type=&#8221;in_container&#8221; full_screen_row_position=&#8221;middle&#8221; column_margin=&#8221;default&#8221; column_direction=&#8221;default&#8221; column_direction_tablet=&#8221;default&#8221; column_direction_phone=&#8221;default&#8221; scene_position=&#8221;center&#8221; text_color=&#8221;dark&#8221; text_align=&#8221;left&#8221; row_border_radius=&#8221;none&#8221; row_border_radius_applies=&#8221;bg&#8221; overflow=&#8221;visible&#8221; overlay_strength=&#8221;0.3&#8243; gradient_direction=&#8221;left_to_right&#8221; shape_divider_position=&#8221;bottom&#8221; bg_image_animation=&#8221;none&#8221;][vc_column column_padding=&#8221;no-extra-padding&#8221; column_padding_tablet=&#8221;inherit&#8221; column_padding_phone=&#8221;inherit&#8221; column_padding_position=&#8221;all&#8221; column_element_direction_desktop=&#8221;default&#8221; column_element_spacing=&#8221;default&#8221; desktop_text_alignment=&#8221;default&#8221; tablet_text_alignment=&#8221;default&#8221; phone_text_alignment=&#8221;default&#8221; background_color_opacity=&#8221;1&#8243; background_hover_color_opacity=&#8221;1&#8243; column_backdrop_filter=&#8221;none&#8221; column_shadow=&#8221;none&#8221;&#8230;<\/p>\n","protected":false},"author":2,"featured_media":1577,"comment_status":"closed","ping_status":"closed","sticky":false,"template":"","format":"standard","meta":{"footnotes":""},"categories":[1],"tags":[],"class_list":["post-1585","post","type-post","status-publish","format-standard","has-post-thumbnail","category-noticias"],"yoast_head":"<!-- This site is optimized with the Yoast SEO plugin v28.4 - https:\/\/yoast.com\/product\/yoast-seo-wordpress\/ -->\n<title>A Coru\u00f1a estrena red de puntos limpios de proximidad en los barrios | Natural Kube<\/title>\n<meta name=\"robots\" content=\"index, follow, max-snippet:-1, max-image-preview:large, max-video-preview:-1\" \/>\n<link rel=\"canonical\" href=\"https:\/\/naturalkube.com\/gl\/a-coruna-estrena-red-de-puntos-limpios-de-proximidad-en-los-barrios\/\" \/>\n<meta property=\"og:locale\" content=\"gl_ES\" \/>\n<meta property=\"og:type\" content=\"article\" \/>\n<meta property=\"og:title\" content=\"A Coru\u00f1a estrena red de puntos limpios de proximidad en los barrios | Natural Kube\" \/>\n<meta property=\"og:description\" content=\"[vc_row type=&#8221;in_container&#8221; full_screen_row_position=&#8221;middle&#8221; column_margin=&#8221;default&#8221; column_direction=&#8221;default&#8221; column_direction_tablet=&#8221;default&#8221; column_direction_phone=&#8221;default&#8221; scene_position=&#8221;center&#8221; text_color=&#8221;dark&#8221; text_align=&#8221;left&#8221; row_border_radius=&#8221;none&#8221; row_border_radius_applies=&#8221;bg&#8221; overflow=&#8221;visible&#8221; overlay_strength=&#8221;0.3&#8243; gradient_direction=&#8221;left_to_right&#8221; shape_divider_position=&#8221;bottom&#8221; bg_image_animation=&#8221;none&#8221;][vc_column column_padding=&#8221;no-extra-padding&#8221; column_padding_tablet=&#8221;inherit&#8221; column_padding_phone=&#8221;inherit&#8221; column_padding_position=&#8221;all&#8221; column_element_direction_desktop=&#8221;default&#8221; column_element_spacing=&#8221;default&#8221; desktop_text_alignment=&#8221;default&#8221; tablet_text_alignment=&#8221;default&#8221; phone_text_alignment=&#8221;default&#8221; background_color_opacity=&#8221;1&#8243; background_hover_color_opacity=&#8221;1&#8243; column_backdrop_filter=&#8221;none&#8221; column_shadow=&#8221;none&#8221;...\" \/>\n<meta property=\"og:url\" content=\"https:\/\/naturalkube.com\/gl\/a-coruna-estrena-red-de-puntos-limpios-de-proximidad-en-los-barrios\/\" \/>\n<meta property=\"og:site_name\" content=\"Natural Kube\" \/>\n<meta property=\"article:published_time\" content=\"2026-08-10T08:52:19+00:00\" \/>\n<meta property=\"article:modified_time\" content=\"2026-08-14T09:32:24+00:00\" \/>\n<meta property=\"og:image\" content=\"https:\/\/naturalkube.com\/wp-content\/uploads\/2026\/08\/6a75a5f6d8ce8.jpeg\" \/>\n\t<meta property=\"og:image:width\" content=\"1280\" \/>\n\t<meta property=\"og:image:height\" content=\"732\" \/>\n\t<meta property=\"og:image:type\" content=\"image\/jpeg\" \/>\n<meta name=\"author\" content=\"David Dopacio\" \/>\n<meta name=\"twitter:card\" content=\"summary_large_image\" \/>\n<meta name=\"twitter:label1\" content=\"Escrito por\" \/>\n\t<meta name=\"twitter:data1\" content=\"David Dopacio\" \/>\n\t<meta name=\"twitter:label2\" content=\"Tempo de lectura\" \/>\n\t<meta name=\"twitter:data2\" content=\"2 minutos\" \/>\n<script type=\"application\/ld+json\" class=\"yoast-schema-graph\">{\"@context\":\"https:\\\/\\\/schema.org\",\"@graph\":[{\"@type\":\"Article\",\"@id\":\"https:\\\/\\\/naturalkube.com\\\/gl\\\/a-coruna-estrena-red-de-puntos-limpios-de-proximidad-en-los-barrios\\\/#article\",\"isPartOf\":{\"@id\":\"https:\\\/\\\/naturalkube.com\\\/gl\\\/a-coruna-estrena-red-de-puntos-limpios-de-proximidad-en-los-barrios\\\/\"},\"author\":{\"name\":\"David Dopacio\",\"@id\":\"https:\\\/\\\/naturalkube.com\\\/#\\\/schema\\\/person\\\/4aa999e19b0fd59391bcd8b9a9414a8d\"},\"headline\":\"A Coru\u00f1a estrena red de puntos limpios de proximidad en los barrios\",\"datePublished\":\"2026-08-10T08:52:19+00:00\",\"dateModified\":\"2026-08-14T09:32:24+00:00\",\"mainEntityOfPage\":{\"@id\":\"https:\\\/\\\/naturalkube.com\\\/gl\\\/a-coruna-estrena-red-de-puntos-limpios-de-proximidad-en-los-barrios\\\/\"},\"wordCount\":774,\"publisher\":{\"@id\":\"https:\\\/\\\/naturalkube.com\\\/#organization\"},\"image\":{\"@id\":\"https:\\\/\\\/naturalkube.com\\\/gl\\\/a-coruna-estrena-red-de-puntos-limpios-de-proximidad-en-los-barrios\\\/#primaryimage\"},\"thumbnailUrl\":\"https:\\\/\\\/naturalkube.com\\\/wp-content\\\/uploads\\\/2026\\\/08\\\/6a75a5f6d8ce8.jpeg\",\"articleSection\":[\"Noticias\"],\"inLanguage\":\"gl-ES\"},{\"@type\":\"WebPage\",\"@id\":\"https:\\\/\\\/naturalkube.com\\\/gl\\\/a-coruna-estrena-red-de-puntos-limpios-de-proximidad-en-los-barrios\\\/\",\"url\":\"https:\\\/\\\/naturalkube.com\\\/gl\\\/a-coruna-estrena-red-de-puntos-limpios-de-proximidad-en-los-barrios\\\/\",\"name\":\"A Coru\u00f1a estrena red de puntos limpios de proximidad en los barrios | Natural Kube\",\"isPartOf\":{\"@id\":\"https:\\\/\\\/naturalkube.com\\\/#website\"},\"primaryImageOfPage\":{\"@id\":\"https:\\\/\\\/naturalkube.com\\\/gl\\\/a-coruna-estrena-red-de-puntos-limpios-de-proximidad-en-los-barrios\\\/#primaryimage\"},\"image\":{\"@id\":\"https:\\\/\\\/naturalkube.com\\\/gl\\\/a-coruna-estrena-red-de-puntos-limpios-de-proximidad-en-los-barrios\\\/#primaryimage\"},\"thumbnailUrl\":\"https:\\\/\\\/naturalkube.com\\\/wp-content\\\/uploads\\\/2026\\\/08\\\/6a75a5f6d8ce8.jpeg\",\"datePublished\":\"2026-08-10T08:52:19+00:00\",\"dateModified\":\"2026-08-14T09:32:24+00:00\",\"breadcrumb\":{\"@id\":\"https:\\\/\\\/naturalkube.com\\\/gl\\\/a-coruna-estrena-red-de-puntos-limpios-de-proximidad-en-los-barrios\\\/#breadcrumb\"},\"inLanguage\":\"gl-ES\",\"potentialAction\":[{\"@type\":\"ReadAction\",\"target\":[\"https:\\\/\\\/naturalkube.com\\\/gl\\\/a-coruna-estrena-red-de-puntos-limpios-de-proximidad-en-los-barrios\\\/\"]}]},{\"@type\":\"ImageObject\",\"inLanguage\":\"gl-ES\",\"@id\":\"https:\\\/\\\/naturalkube.com\\\/gl\\\/a-coruna-estrena-red-de-puntos-limpios-de-proximidad-en-los-barrios\\\/#primaryimage\",\"url\":\"https:\\\/\\\/naturalkube.com\\\/wp-content\\\/uploads\\\/2026\\\/08\\\/6a75a5f6d8ce8.jpeg\",\"contentUrl\":\"https:\\\/\\\/naturalkube.com\\\/wp-content\\\/uploads\\\/2026\\\/08\\\/6a75a5f6d8ce8.jpeg\",\"width\":1280,\"height\":732},{\"@type\":\"BreadcrumbList\",\"@id\":\"https:\\\/\\\/naturalkube.com\\\/gl\\\/a-coruna-estrena-red-de-puntos-limpios-de-proximidad-en-los-barrios\\\/#breadcrumb\",\"itemListElement\":[{\"@type\":\"ListItem\",\"position\":1,\"name\":\"Portada\",\"item\":\"https:\\\/\\\/naturalkube.com\\\/gl\\\/\"},{\"@type\":\"ListItem\",\"position\":2,\"name\":\"A Coru\u00f1a estrena red de puntos limpios de proximidad en los barrios\"}]},{\"@type\":\"WebSite\",\"@id\":\"https:\\\/\\\/naturalkube.com\\\/#website\",\"url\":\"https:\\\/\\\/naturalkube.com\\\/\",\"name\":\"Natural Kube\",\"description\":\"Urban Solutions\",\"publisher\":{\"@id\":\"https:\\\/\\\/naturalkube.com\\\/#organization\"},\"potentialAction\":[{\"@type\":\"SearchAction\",\"target\":{\"@type\":\"EntryPoint\",\"urlTemplate\":\"https:\\\/\\\/naturalkube.com\\\/?s={search_term_string}\"},\"query-input\":{\"@type\":\"PropertyValueSpecification\",\"valueRequired\":true,\"valueName\":\"search_term_string\"}}],\"inLanguage\":\"gl-ES\"},{\"@type\":\"Organization\",\"@id\":\"https:\\\/\\\/naturalkube.com\\\/#organization\",\"name\":\"Natural Kube\",\"url\":\"https:\\\/\\\/naturalkube.com\\\/\",\"logo\":{\"@type\":\"ImageObject\",\"inLanguage\":\"gl-ES\",\"@id\":\"https:\\\/\\\/naturalkube.com\\\/#\\\/schema\\\/logo\\\/image\\\/\",\"url\":\"https:\\\/\\\/naturalkube.com\\\/wp-content\\\/uploads\\\/2025\\\/07\\\/Logo_small.png\",\"contentUrl\":\"https:\\\/\\\/naturalkube.com\\\/wp-content\\\/uploads\\\/2025\\\/07\\\/Logo_small.png\",\"width\":337,\"height\":264,\"caption\":\"Natural Kube\"},\"image\":{\"@id\":\"https:\\\/\\\/naturalkube.com\\\/#\\\/schema\\\/logo\\\/image\\\/\"},\"sameAs\":[\"https:\\\/\\\/www.linkedin.com\\\/company\\\/naturalkube\"]},{\"@type\":\"Person\",\"@id\":\"https:\\\/\\\/naturalkube.com\\\/#\\\/schema\\\/person\\\/4aa999e19b0fd59391bcd8b9a9414a8d\",\"name\":\"David Dopacio\",\"url\":\"https:\\\/\\\/naturalkube.com\\\/gl\\\/author\\\/david_dopacio\\\/\"}]}<\/script>\n<!-- \/ Yoast SEO plugin. -->","yoast_head_json":{"title":"A Coru\u00f1a estrena red de puntos limpios de proximidad en los barrios | Natural Kube","robots":{"index":"index","follow":"follow","max-snippet":"max-snippet:-1","max-image-preview":"max-image-preview:large","max-video-preview":"max-video-preview:-1"},"canonical":"https:\/\/naturalkube.com\/gl\/a-coruna-estrena-red-de-puntos-limpios-de-proximidad-en-los-barrios\/","og_locale":"gl_ES","og_type":"article","og_title":"A Coru\u00f1a estrena red de puntos limpios de proximidad en los barrios | Natural Kube","og_description":"[vc_row type=&#8221;in_container&#8221; full_screen_row_position=&#8221;middle&#8221; column_margin=&#8221;default&#8221; column_direction=&#8221;default&#8221; column_direction_tablet=&#8221;default&#8221; column_direction_phone=&#8221;default&#8221; scene_position=&#8221;center&#8221; text_color=&#8221;dark&#8221; text_align=&#8221;left&#8221; row_border_radius=&#8221;none&#8221; row_border_radius_applies=&#8221;bg&#8221; overflow=&#8221;visible&#8221; overlay_strength=&#8221;0.3&#8243; gradient_direction=&#8221;left_to_right&#8221; shape_divider_position=&#8221;bottom&#8221; bg_image_animation=&#8221;none&#8221;][vc_column column_padding=&#8221;no-extra-padding&#8221; column_padding_tablet=&#8221;inherit&#8221; column_padding_phone=&#8221;inherit&#8221; column_padding_position=&#8221;all&#8221; column_element_direction_desktop=&#8221;default&#8221; column_element_spacing=&#8221;default&#8221; desktop_text_alignment=&#8221;default&#8221; tablet_text_alignment=&#8221;default&#8221; phone_text_alignment=&#8221;default&#8221; background_color_opacity=&#8221;1&#8243; background_hover_color_opacity=&#8221;1&#8243; column_backdrop_filter=&#8221;none&#8221; column_shadow=&#8221;none&#8221;...","og_url":"https:\/\/naturalkube.com\/gl\/a-coruna-estrena-red-de-puntos-limpios-de-proximidad-en-los-barrios\/","og_site_name":"Natural Kube","article_published_time":"2026-08-10T08:52:19+00:00","article_modified_time":"2026-08-14T09:32:24+00:00","og_image":[{"width":1280,"height":732,"url":"https:\/\/naturalkube.com\/wp-content\/uploads\/2026\/08\/6a75a5f6d8ce8.jpeg","type":"image\/jpeg"}],"author":"David Dopacio","twitter_card":"summary_large_image","twitter_misc":{"Escrito por":"David Dopacio","Tempo de lectura":"2 minutos"},"schema":{"@context":"https:\/\/schema.org","@graph":[{"@type":"Article","@id":"https:\/\/naturalkube.com\/gl\/a-coruna-estrena-red-de-puntos-limpios-de-proximidad-en-los-barrios\/#article","isPartOf":{"@id":"https:\/\/naturalkube.com\/gl\/a-coruna-estrena-red-de-puntos-limpios-de-proximidad-en-los-barrios\/"},"author":{"name":"David Dopacio","@id":"https:\/\/naturalkube.com\/#\/schema\/person\/4aa999e19b0fd59391bcd8b9a9414a8d"},"headline":"A Coru\u00f1a estrena red de puntos limpios de proximidad en los barrios","datePublished":"2026-08-10T08:52:19+00:00","dateModified":"2026-08-14T09:32:24+00:00","mainEntityOfPage":{"@id":"https:\/\/naturalkube.com\/gl\/a-coruna-estrena-red-de-puntos-limpios-de-proximidad-en-los-barrios\/"},"wordCount":774,"publisher":{"@id":"https:\/\/naturalkube.com\/#organization"},"image":{"@id":"https:\/\/naturalkube.com\/gl\/a-coruna-estrena-red-de-puntos-limpios-de-proximidad-en-los-barrios\/#primaryimage"},"thumbnailUrl":"https:\/\/naturalkube.com\/wp-content\/uploads\/2026\/08\/6a75a5f6d8ce8.jpeg","articleSection":["Noticias"],"inLanguage":"gl-ES"},{"@type":"WebPage","@id":"https:\/\/naturalkube.com\/gl\/a-coruna-estrena-red-de-puntos-limpios-de-proximidad-en-los-barrios\/","url":"https:\/\/naturalkube.com\/gl\/a-coruna-estrena-red-de-puntos-limpios-de-proximidad-en-los-barrios\/","name":"A Coru\u00f1a estrena red de puntos limpios de proximidad en los barrios | Natural Kube","isPartOf":{"@id":"https:\/\/naturalkube.com\/#website"},"primaryImageOfPage":{"@id":"https:\/\/naturalkube.com\/gl\/a-coruna-estrena-red-de-puntos-limpios-de-proximidad-en-los-barrios\/#primaryimage"},"image":{"@id":"https:\/\/naturalkube.com\/gl\/a-coruna-estrena-red-de-puntos-limpios-de-proximidad-en-los-barrios\/#primaryimage"},"thumbnailUrl":"https:\/\/naturalkube.com\/wp-content\/uploads\/2026\/08\/6a75a5f6d8ce8.jpeg","datePublished":"2026-08-10T08:52:19+00:00","dateModified":"2026-08-14T09:32:24+00:00","breadcrumb":{"@id":"https:\/\/naturalkube.com\/gl\/a-coruna-estrena-red-de-puntos-limpios-de-proximidad-en-los-barrios\/#breadcrumb"},"inLanguage":"gl-ES","potentialAction":[{"@type":"ReadAction","target":["https:\/\/naturalkube.com\/gl\/a-coruna-estrena-red-de-puntos-limpios-de-proximidad-en-los-barrios\/"]}]},{"@type":"ImageObject","inLanguage":"gl-ES","@id":"https:\/\/naturalkube.com\/gl\/a-coruna-estrena-red-de-puntos-limpios-de-proximidad-en-los-barrios\/#primaryimage","url":"https:\/\/naturalkube.com\/wp-content\/uploads\/2026\/08\/6a75a5f6d8ce8.jpeg","contentUrl":"https:\/\/naturalkube.com\/wp-content\/uploads\/2026\/08\/6a75a5f6d8ce8.jpeg","width":1280,"height":732},{"@type":"BreadcrumbList","@id":"https:\/\/naturalkube.com\/gl\/a-coruna-estrena-red-de-puntos-limpios-de-proximidad-en-los-barrios\/#breadcrumb","itemListElement":[{"@type":"ListItem","position":1,"name":"Portada","item":"https:\/\/naturalkube.com\/gl\/"},{"@type":"ListItem","position":2,"name":"A Coru\u00f1a estrena red de puntos limpios de proximidad en los barrios"}]},{"@type":"WebSite","@id":"https:\/\/naturalkube.com\/#website","url":"https:\/\/naturalkube.com\/","name":"Natural Kube","description":"Urban Solutions","publisher":{"@id":"https:\/\/naturalkube.com\/#organization"},"potentialAction":[{"@type":"SearchAction","target":{"@type":"EntryPoint","urlTemplate":"https:\/\/naturalkube.com\/?s={search_term_string}"},"query-input":{"@type":"PropertyValueSpecification","valueRequired":true,"valueName":"search_term_string"}}],"inLanguage":"gl-ES"},{"@type":"Organization","@id":"https:\/\/naturalkube.com\/#organization","name":"Natural Kube","url":"https:\/\/naturalkube.com\/","logo":{"@type":"ImageObject","inLanguage":"gl-ES","@id":"https:\/\/naturalkube.com\/#\/schema\/logo\/image\/","url":"https:\/\/naturalkube.com\/wp-content\/uploads\/2025\/07\/Logo_small.png","contentUrl":"https:\/\/naturalkube.com\/wp-content\/uploads\/2025\/07\/Logo_small.png","width":337,"height":264,"caption":"Natural Kube"},"image":{"@id":"https:\/\/naturalkube.com\/#\/schema\/logo\/image\/"},"sameAs":["https:\/\/www.linkedin.com\/company\/naturalkube"]},{"@type":"Person","@id":"https:\/\/naturalkube.com\/#\/schema\/person\/4aa999e19b0fd59391bcd8b9a9414a8d","name":"David Dopacio","url":"https:\/\/naturalkube.com\/gl\/author\/david_dopacio\/"}]}},"_links":{"self":[{"href":"https:\/\/naturalkube.com\/gl\/wp-json\/wp\/v2\/posts\/1585","targetHints":{"allow":["GET"]}}],"collection":[{"href":"https:\/\/naturalkube.com\/gl\/wp-json\/wp\/v2\/posts"}],"about":[{"href":"https:\/\/naturalkube.com\/gl\/wp-json\/wp\/v2\/types\/post"}],"author":[{"embeddable":true,"href":"https:\/\/naturalkube.com\/gl\/wp-json\/wp\/v2\/users\/2"}],"replies":[{"embeddable":true,"href":"https:\/\/naturalkube.com\/gl\/wp-json\/wp\/v2\/comments?post=1585"}],"version-history":[{"count":8,"href":"https:\/\/naturalkube.com\/gl\/wp-json\/wp\/v2\/posts\/1585\/revisions"}],"predecessor-version":[{"id":1617,"href":"https:\/\/naturalkube.com\/gl\/wp-json\/wp\/v2\/posts\/1585\/revisions\/1617"}],"wp:featuredmedia":[{"embeddable":true,"href":"https:\/\/naturalkube.com\/gl\/wp-json\/wp\/v2\/media\/1577"}],"wp:attachment":[{"href":"https:\/\/naturalkube.com\/gl\/wp-json\/wp\/v2\/media?parent=1585"}],"wp:term":[{"taxonomy":"category","embeddable":true,"href":"https:\/\/naturalkube.com\/gl\/wp-json\/wp\/v2\/categories?post=1585"},{"taxonomy":"post_tag","embeddable":true,"href":"https:\/\/naturalkube.com\/gl\/wp-json\/wp\/v2\/tags?post=1585"}],"curies":[{"name":"wp","href":"https:\/\/api.w.org\/{rel}","templated":true}]}}